{"id":932,"date":"2025-11-04T22:16:20","date_gmt":"2025-11-04T21:16:20","guid":{"rendered":"https:\/\/sp130.edu.pl\/?p=932"},"modified":"2025-11-04T22:16:20","modified_gmt":"2025-11-04T21:16:20","slug":"akcja-naklejkowa","status":"publish","type":"post","link":"https:\/\/sp130.edu.pl\/index.php\/2025\/11\/04\/akcja-naklejkowa\/","title":{"rendered":"Akcja naklejkowa"},"content":{"rendered":"\n<p>W ramach dzia\u0142a\u0144 promuj\u0105cych trosk\u0119 o zdrowie psychiczne uczniowie klas 4-8 otrzymali specjalne naklejki z wa\u017cnymi numerami telefon\u00f3w pomocowych. Ka\u017cdy z uczni\u00f3w wklei\u0142 jedn\u0105 z nich na wewn\u0119trzn\u0105 stron\u0119 ok\u0142adki zeszytu do j\u0119zyka polskiego, a wkr\u00f3tce wklei tak\u0105 sam\u0105 do zeszytu od matematyki.<\/p>\n\n\n\n<p>Ta naklejka to nie tylko kolorowy dodatek, ale przede wszystkim przypomnienie, \u017ce w trudnych sytuacjach nikt z nas nie jest sam. Widniej\u0105 na niej wa\u017cne kontakty:<\/p>\n\n\n\n<p>\u2022 <strong>112<\/strong> \u2013 numer alarmowy w sytuacjach zagro\u017cenia zdrowia i \u017cycia<\/p>\n\n\n\n<p>\u2022 <strong>116 111<\/strong>&#8211; telefon zaufania dla dzieci i m\u0142odzie\u017cy Fundacji Dajemy Dzieciom Si\u0142\u0119<\/p>\n\n\n\n<p>\u2022 <strong>800 12 00 02<\/strong> \u2013 telefon dla ofiar przemocy w rodzinie \u201eNiebieska Linia\u201d<\/p>\n\n\n\n<p>\u2022 <strong>800 12 12 12<\/strong> \u2013 dzieci\u0119cy telefon zaufania Rzecznika Praw Dziecka<\/p>\n\n\n\n<p class=\"has-text-align-center has-large-font-size\"><strong>Pami\u0119tajcie! <\/strong><\/p>\n\n\n\n<p class=\"has-text-align-center has-large-font-size\"><strong>Proszenie o pomoc to oznaka si\u0142y, nie s\u0142abo\u015bci.<\/strong><\/p>\n\n\n\n<p><\/p>\n\n\n<div class=\"wp-block-image\">\n<figure class=\"aligncenter size-full\"><img loading=\"lazy\" decoding=\"async\" width=\"1333\" height=\"2000\" src=\"https:\/\/sp130.edu.pl\/wp-content\/uploads\/2025\/11\/naklejki.jpg\" alt=\"\" class=\"wp-image-924\" srcset=\"https:\/\/sp130.edu.pl\/wp-content\/uploads\/2025\/11\/naklejki.jpg 1333w, https:\/\/sp130.edu.pl\/wp-content\/uploads\/2025\/11\/naklejki-200x300.jpg 200w, https:\/\/sp130.edu.pl\/wp-content\/uploads\/2025\/11\/naklejki-682x1024.jpg 682w, https:\/\/sp130.edu.pl\/wp-content\/uploads\/2025\/11\/naklejki-768x1152.jpg 768w, https:\/\/sp130.edu.pl\/wp-content\/uploads\/2025\/11\/naklejki-1024x1536.jpg 1024w\" sizes=\"auto, (max-width: 1333px) 100vw, 1333px\" \/><\/figure>\n<\/div>","protected":false},"excerpt":{"rendered":"<p>W ramach dzia\u0142a\u0144 promuj\u0105cych trosk\u0119 o zdrowie psychiczne uczniowie klas 4-8 otrzymali specjalne naklejki z wa\u017cnymi numerami telefon\u00f3w pomocowych. Ka\u017cdy z uczni\u00f3w wklei\u0142 jedn\u0105 z nich na wewn\u0119trzn\u0105 stron\u0119 ok\u0142adki zeszytu do j\u0119zyka polskiego, a wkr\u00f3tce wklei tak\u0105 sam\u0105 do zeszytu od matematyki. Ta naklejka to nie tylko kolorowy dodatek, ale przede wszystkim przypomnienie, \u017ce [&hellip;]<\/p>\n","protected":false},"author":3,"featured_media":925,"comment_status":"closed","ping_status":"","sticky":false,"template":"","format":"standard","meta":{"footnotes":""},"categories":[9],"tags":[],"class_list":["post-932","post","type-post","status-publish","format-standard","has-post-thumbnail","hentry","category-aktualnosci"],"_links":{"self":[{"href":"https:\/\/sp130.edu.pl\/index.php\/wp-json\/wp\/v2\/posts\/932","targetHints":{"allow":["GET"]}}],"collection":[{"href":"https:\/\/sp130.edu.pl\/index.php\/wp-json\/wp\/v2\/posts"}],"about":[{"href":"https:\/\/sp130.edu.pl\/index.php\/wp-json\/wp\/v2\/types\/post"}],"author":[{"embeddable":true,"href":"https:\/\/sp130.edu.pl\/index.php\/wp-json\/wp\/v2\/users\/3"}],"replies":[{"embeddable":true,"href":"https:\/\/sp130.edu.pl\/index.php\/wp-json\/wp\/v2\/comments?post=932"}],"version-history":[{"count":1,"href":"https:\/\/sp130.edu.pl\/index.php\/wp-json\/wp\/v2\/posts\/932\/revisions"}],"predecessor-version":[{"id":933,"href":"https:\/\/sp130.edu.pl\/index.php\/wp-json\/wp\/v2\/posts\/932\/revisions\/933"}],"wp:featuredmedia":[{"embeddable":true,"href":"https:\/\/sp130.edu.pl\/index.php\/wp-json\/wp\/v2\/media\/925"}],"wp:attachment":[{"href":"https:\/\/sp130.edu.pl\/index.php\/wp-json\/wp\/v2\/media?parent=932"}],"wp:term":[{"taxonomy":"category","embeddable":true,"href":"https:\/\/sp130.edu.pl\/index.php\/wp-json\/wp\/v2\/categories?post=932"},{"taxonomy":"post_tag","embeddable":true,"href":"https:\/\/sp130.edu.pl\/index.php\/wp-json\/wp\/v2\/tags?post=932"}],"curies":[{"name":"wp","href":"https:\/\/api.w.org\/{rel}","templated":true}]}}