{"id":901,"date":"2025-10-21T19:03:59","date_gmt":"2025-10-21T17:03:59","guid":{"rendered":"https:\/\/sp130.edu.pl\/?p=901"},"modified":"2025-10-21T19:03:59","modified_gmt":"2025-10-21T17:03:59","slug":"spotkanie-z-astronauta-slawoszem-uznanskim-wisniewskim","status":"publish","type":"post","link":"https:\/\/sp130.edu.pl\/index.php\/2025\/10\/21\/spotkanie-z-astronauta-slawoszem-uznanskim-wisniewskim\/","title":{"rendered":"Spotkanie z astronaut\u0105 &#8211; S\u0142awoszem Uzna\u0144skim &#8211; Wi\u015bniewskim!"},"content":{"rendered":"\n<p>Dnia 17 pa\u017adziernika 2025 r. czworo uczni\u00f3w naszej klasy mia\u0142o szans\u0119 uczestniczenia w wielkim wydarzeniu &#8211; organizowanym w gmachu Politechniki \u0141\u00f3dzkim spotkaniu z Polskim astronaut\u0105 &#8211; S\u0142awoszem Uzna\u0144skim-Wi\u015bniewskim. Ten niezwykle sympatyczny, u\u015bmiechni\u0119ty cz\u0142owiek pochodz\u0105cy z okolic \u0141odzi opowiada\u0142 o swojej przygodzie z Kosmosem i odpowiada\u0142 na bardzo dociekliwe pytania zgromadzonych w auli uczni\u00f3w.<\/p>\n\n\n\n<p>Jedna z odpowiedzi zas\u0142uguje na wspomnienie, bo po jej udzieleniu rozleg\u0142y si\u0119 gromkie brawa &#8211; Na pytanie \u201eCo nale\u017cy zrobi\u0107, aby zosta\u0107 astronaut\u0105?\u201d S\u0142awosz odpowiedzia\u0142: \u201eTrzeba LUBI\u0106 SI\u0118 UCZY\u0106\u201d i to zdanie powinno przy\u015bwieca\u0107 wszystkim m\u0142odym ludziom, nie tylko tym, kt\u00f3rym marz\u0105 si\u0119 kosmiczne podboje.<\/p>\n\n\n\n<figure class=\"wp-block-image size-large\"><img loading=\"lazy\" decoding=\"async\" width=\"576\" height=\"1024\" src=\"https:\/\/sp130.edu.pl\/wp-content\/uploads\/2025\/10\/Slawosz-576x1024.jpg\" alt=\"\" class=\"wp-image-902\" srcset=\"https:\/\/sp130.edu.pl\/wp-content\/uploads\/2025\/10\/Slawosz-576x1024.jpg 576w, https:\/\/sp130.edu.pl\/wp-content\/uploads\/2025\/10\/Slawosz-169x300.jpg 169w, https:\/\/sp130.edu.pl\/wp-content\/uploads\/2025\/10\/Slawosz-768x1365.jpg 768w, https:\/\/sp130.edu.pl\/wp-content\/uploads\/2025\/10\/Slawosz-864x1536.jpg 864w, https:\/\/sp130.edu.pl\/wp-content\/uploads\/2025\/10\/Slawosz.jpg 1080w\" sizes=\"auto, (max-width: 576px) 100vw, 576px\" \/><\/figure>\n","protected":false},"excerpt":{"rendered":"<p>Dnia 17 pa\u017adziernika 2025 r. czworo uczni\u00f3w naszej klasy mia\u0142o szans\u0119 uczestniczenia w wielkim wydarzeniu &#8211; organizowanym w gmachu Politechniki \u0141\u00f3dzkim spotkaniu z Polskim astronaut\u0105 &#8211; S\u0142awoszem Uzna\u0144skim-Wi\u015bniewskim. Ten niezwykle sympatyczny, u\u015bmiechni\u0119ty cz\u0142owiek pochodz\u0105cy z okolic \u0141odzi opowiada\u0142 o swojej przygodzie z Kosmosem i odpowiada\u0142 na bardzo dociekliwe pytania zgromadzonych w auli uczni\u00f3w. Jedna z [&hellip;]<\/p>\n","protected":false},"author":3,"featured_media":902,"comment_status":"closed","ping_status":"","sticky":false,"template":"","format":"standard","meta":{"footnotes":""},"categories":[9],"tags":[],"class_list":["post-901","post","type-post","status-publish","format-standard","has-post-thumbnail","hentry","category-aktualnosci"],"_links":{"self":[{"href":"https:\/\/sp130.edu.pl\/index.php\/wp-json\/wp\/v2\/posts\/901","targetHints":{"allow":["GET"]}}],"collection":[{"href":"https:\/\/sp130.edu.pl\/index.php\/wp-json\/wp\/v2\/posts"}],"about":[{"href":"https:\/\/sp130.edu.pl\/index.php\/wp-json\/wp\/v2\/types\/post"}],"author":[{"embeddable":true,"href":"https:\/\/sp130.edu.pl\/index.php\/wp-json\/wp\/v2\/users\/3"}],"replies":[{"embeddable":true,"href":"https:\/\/sp130.edu.pl\/index.php\/wp-json\/wp\/v2\/comments?post=901"}],"version-history":[{"count":1,"href":"https:\/\/sp130.edu.pl\/index.php\/wp-json\/wp\/v2\/posts\/901\/revisions"}],"predecessor-version":[{"id":903,"href":"https:\/\/sp130.edu.pl\/index.php\/wp-json\/wp\/v2\/posts\/901\/revisions\/903"}],"wp:featuredmedia":[{"embeddable":true,"href":"https:\/\/sp130.edu.pl\/index.php\/wp-json\/wp\/v2\/media\/902"}],"wp:attachment":[{"href":"https:\/\/sp130.edu.pl\/index.php\/wp-json\/wp\/v2\/media?parent=901"}],"wp:term":[{"taxonomy":"category","embeddable":true,"href":"https:\/\/sp130.edu.pl\/index.php\/wp-json\/wp\/v2\/categories?post=901"},{"taxonomy":"post_tag","embeddable":true,"href":"https:\/\/sp130.edu.pl\/index.php\/wp-json\/wp\/v2\/tags?post=901"}],"curies":[{"name":"wp","href":"https:\/\/api.w.org\/{rel}","templated":true}]}}