{"id":884,"date":"2025-10-14T21:45:48","date_gmt":"2025-10-14T19:45:48","guid":{"rendered":"https:\/\/sp130.edu.pl\/?p=884"},"modified":"2025-10-14T21:45:48","modified_gmt":"2025-10-14T19:45:48","slug":"nowe-poduszki-berlinskie-przy-naszej-szkole","status":"publish","type":"post","link":"https:\/\/sp130.edu.pl\/index.php\/2025\/10\/14\/nowe-poduszki-berlinskie-przy-naszej-szkole\/","title":{"rendered":"Nowe poduszki berli\u0144skie przy naszej szkole!"},"content":{"rendered":"\n<p><\/p>\n\n\n\n<p>Z rado\u015bci\u0105 informujemy, \u017ce dzi\u015b na ulicy Kalinowskiego, tu\u017c przy naszej szkole, zamontowano poduszki berli\u0144skie! \ud83c\udf89<\/p>\n\n\n\n<p>To wa\u017cna zmiana, kt\u00f3ra ma na celu zwi\u0119kszenie bezpiecze\u0144stwa naszych uczni\u00f3w, rodzic\u00f3w i wszystkich pieszych poruszaj\u0105cych si\u0119 w okolicy.<\/p>\n\n\n\n<p>Serdecznie dzi\u0119kujemy w\u0142adzom miasta i wszystkim osobom zaanga\u017cowanym w t\u0119 inicjatyw\u0119 \ud83d\udc4f<\/p>\n\n\n\n<p>Bezpiecze\u0144stwo naszych dzieci to priorytet! \ud83d\udc9b<\/p>\n\n\n\n<figure class=\"wp-block-image size-large\"><img loading=\"lazy\" decoding=\"async\" width=\"819\" height=\"1024\" src=\"https:\/\/sp130.edu.pl\/wp-content\/uploads\/2025\/10\/Untitled-design-819x1024.png\" alt=\"\" class=\"wp-image-885\" srcset=\"https:\/\/sp130.edu.pl\/wp-content\/uploads\/2025\/10\/Untitled-design-819x1024.png 819w, https:\/\/sp130.edu.pl\/wp-content\/uploads\/2025\/10\/Untitled-design-240x300.png 240w, https:\/\/sp130.edu.pl\/wp-content\/uploads\/2025\/10\/Untitled-design-768x960.png 768w, https:\/\/sp130.edu.pl\/wp-content\/uploads\/2025\/10\/Untitled-design.png 1080w\" sizes=\"auto, (max-width: 819px) 100vw, 819px\" \/><\/figure>\n","protected":false},"excerpt":{"rendered":"<p>Z rado\u015bci\u0105 informujemy, \u017ce dzi\u015b na ulicy Kalinowskiego, tu\u017c przy naszej szkole, zamontowano poduszki berli\u0144skie! \ud83c\udf89 To wa\u017cna zmiana, kt\u00f3ra ma na celu zwi\u0119kszenie bezpiecze\u0144stwa naszych uczni\u00f3w, rodzic\u00f3w i wszystkich pieszych poruszaj\u0105cych si\u0119 w okolicy. Serdecznie dzi\u0119kujemy w\u0142adzom miasta i wszystkim osobom zaanga\u017cowanym w t\u0119 inicjatyw\u0119 \ud83d\udc4f Bezpiecze\u0144stwo naszych dzieci to priorytet! \ud83d\udc9b<\/p>\n","protected":false},"author":3,"featured_media":886,"comment_status":"closed","ping_status":"","sticky":false,"template":"","format":"standard","meta":{"footnotes":""},"categories":[9],"tags":[],"class_list":["post-884","post","type-post","status-publish","format-standard","has-post-thumbnail","hentry","category-aktualnosci"],"_links":{"self":[{"href":"https:\/\/sp130.edu.pl\/index.php\/wp-json\/wp\/v2\/posts\/884","targetHints":{"allow":["GET"]}}],"collection":[{"href":"https:\/\/sp130.edu.pl\/index.php\/wp-json\/wp\/v2\/posts"}],"about":[{"href":"https:\/\/sp130.edu.pl\/index.php\/wp-json\/wp\/v2\/types\/post"}],"author":[{"embeddable":true,"href":"https:\/\/sp130.edu.pl\/index.php\/wp-json\/wp\/v2\/users\/3"}],"replies":[{"embeddable":true,"href":"https:\/\/sp130.edu.pl\/index.php\/wp-json\/wp\/v2\/comments?post=884"}],"version-history":[{"count":1,"href":"https:\/\/sp130.edu.pl\/index.php\/wp-json\/wp\/v2\/posts\/884\/revisions"}],"predecessor-version":[{"id":887,"href":"https:\/\/sp130.edu.pl\/index.php\/wp-json\/wp\/v2\/posts\/884\/revisions\/887"}],"wp:featuredmedia":[{"embeddable":true,"href":"https:\/\/sp130.edu.pl\/index.php\/wp-json\/wp\/v2\/media\/886"}],"wp:attachment":[{"href":"https:\/\/sp130.edu.pl\/index.php\/wp-json\/wp\/v2\/media?parent=884"}],"wp:term":[{"taxonomy":"category","embeddable":true,"href":"https:\/\/sp130.edu.pl\/index.php\/wp-json\/wp\/v2\/categories?post=884"},{"taxonomy":"post_tag","embeddable":true,"href":"https:\/\/sp130.edu.pl\/index.php\/wp-json\/wp\/v2\/tags?post=884"}],"curies":[{"name":"wp","href":"https:\/\/api.w.org\/{rel}","templated":true}]}}