{"id":871,"date":"2025-10-09T18:11:18","date_gmt":"2025-10-09T16:11:18","guid":{"rendered":"https:\/\/sp130.edu.pl\/?p=871"},"modified":"2025-10-09T18:20:17","modified_gmt":"2025-10-09T16:20:17","slug":"otrzymalismy-wojewodzki-certyfikat-szkoly-promujacej-zdrowie","status":"publish","type":"post","link":"https:\/\/sp130.edu.pl\/index.php\/2025\/10\/09\/otrzymalismy-wojewodzki-certyfikat-szkoly-promujacej-zdrowie\/","title":{"rendered":"Otrzymali\u015bmy Wojew\u00f3dzki Certyfikat Szko\u0142y Promuj\u0105cej Zdrowie!"},"content":{"rendered":"\n<p>Z ogromn\u0105 rado\u015bci\u0105 i dum\u0105 informujemy, \u017ce nasza szko\u0142a otrzyma\u0142a <strong>Wojew\u00f3dzki Certyfikat Szko\u0142y Promuj\u0105cej Zdrowie<\/strong>!<br>To wyj\u0105tkowe wyr\u00f3\u017cnienie zosta\u0142o wr\u0119czone osobi\u015bcie przez <strong>\u0141\u00f3dzkiego Kuratora O\u015bwiaty, pana Janusza Brzozowskiego<\/strong>, co stanowi dla nas wielki zaszczyt oraz potwierdzenie, \u017ce nasze dzia\u0142ania na rzecz <strong>zdrowego stylu \u017cycia, dobrego samopoczucia i pozytywnego klimatu w szkole<\/strong> maj\u0105 realne znaczenie. \ud83c\udf3f\u2728<\/p>\n\n\n\n<p>Otrzymanie certyfikatu to efekt <strong>wielu lat pracy, zaanga\u017cowania i wsp\u00f3\u0142pracy ca\u0142ej spo\u0142eczno\u015bci szkolnej<\/strong> \u2013 uczni\u00f3w, rodzic\u00f3w, nauczycieli oraz pracownik\u00f3w.<\/p>\n\n\n\n<p><br>Dzi\u0119kujemy wszystkim, kt\u00f3rzy na co dzie\u0144 wspieraj\u0105 ide\u0119 promocji zdrowia i przyczyniaj\u0105 si\u0119 do tworzenia szko\u0142y, w kt\u00f3rej <strong>zdrowie, ruch i dobrostan<\/strong> s\u0105 wa\u017cne ka\u017cdego dnia. \ud83d\udcaa\ud83d\udc9a<\/p>\n\n\n\n<p>To wyr\u00f3\u017cnienie motywuje nas do dalszych dzia\u0142a\u0144 na rzecz zdrowego, przyjaznego i wspieraj\u0105cego \u015brodowiska szkolnego.<\/p>\n\n\n<div class=\"wp-block-image\">\n<figure class=\"aligncenter size-full\"><img loading=\"lazy\" decoding=\"async\" width=\"1080\" height=\"1080\" src=\"https:\/\/sp130.edu.pl\/wp-content\/uploads\/2025\/10\/certyfikat.png\" alt=\"\" class=\"wp-image-873\" srcset=\"https:\/\/sp130.edu.pl\/wp-content\/uploads\/2025\/10\/certyfikat.png 1080w, https:\/\/sp130.edu.pl\/wp-content\/uploads\/2025\/10\/certyfikat-300x300.png 300w, https:\/\/sp130.edu.pl\/wp-content\/uploads\/2025\/10\/certyfikat-1024x1024.png 1024w, https:\/\/sp130.edu.pl\/wp-content\/uploads\/2025\/10\/certyfikat-150x150.png 150w, https:\/\/sp130.edu.pl\/wp-content\/uploads\/2025\/10\/certyfikat-768x768.png 768w\" sizes=\"auto, (max-width: 1080px) 100vw, 1080px\" \/><\/figure>\n<\/div>\n\n<div class=\"wp-block-image\">\n<figure class=\"aligncenter size-large\"><img loading=\"lazy\" decoding=\"async\" width=\"679\" height=\"1024\" src=\"https:\/\/sp130.edu.pl\/wp-content\/uploads\/2025\/10\/certyfikat-szkola-promujaca-zdrowie-\u2013-ze-zmianami-679x1024.jpg\" alt=\"\" class=\"wp-image-872\" srcset=\"https:\/\/sp130.edu.pl\/wp-content\/uploads\/2025\/10\/certyfikat-szkola-promujaca-zdrowie-\u2013-ze-zmianami-679x1024.jpg 679w, https:\/\/sp130.edu.pl\/wp-content\/uploads\/2025\/10\/certyfikat-szkola-promujaca-zdrowie-\u2013-ze-zmianami-199x300.jpg 199w, https:\/\/sp130.edu.pl\/wp-content\/uploads\/2025\/10\/certyfikat-szkola-promujaca-zdrowie-\u2013-ze-zmianami-768x1158.jpg 768w, https:\/\/sp130.edu.pl\/wp-content\/uploads\/2025\/10\/certyfikat-szkola-promujaca-zdrowie-\u2013-ze-zmianami-1019x1536.jpg 1019w, https:\/\/sp130.edu.pl\/wp-content\/uploads\/2025\/10\/certyfikat-szkola-promujaca-zdrowie-\u2013-ze-zmianami-1358x2048.jpg 1358w, https:\/\/sp130.edu.pl\/wp-content\/uploads\/2025\/10\/certyfikat-szkola-promujaca-zdrowie-\u2013-ze-zmianami.jpg 1439w\" sizes=\"auto, (max-width: 679px) 100vw, 679px\" \/><\/figure>\n<\/div>","protected":false},"excerpt":{"rendered":"<p>Z ogromn\u0105 rado\u015bci\u0105 i dum\u0105 informujemy, \u017ce nasza szko\u0142a otrzyma\u0142a Wojew\u00f3dzki Certyfikat Szko\u0142y Promuj\u0105cej Zdrowie!To wyj\u0105tkowe wyr\u00f3\u017cnienie zosta\u0142o wr\u0119czone osobi\u015bcie przez \u0141\u00f3dzkiego Kuratora O\u015bwiaty, pana Janusza Brzozowskiego, co stanowi dla nas wielki zaszczyt oraz potwierdzenie, \u017ce nasze dzia\u0142ania na rzecz zdrowego stylu \u017cycia, dobrego samopoczucia i pozytywnego klimatu w szkole maj\u0105 realne znaczenie. \ud83c\udf3f\u2728 Otrzymanie [&hellip;]<\/p>\n","protected":false},"author":3,"featured_media":872,"comment_status":"closed","ping_status":"","sticky":false,"template":"","format":"standard","meta":{"footnotes":""},"categories":[9],"tags":[],"class_list":["post-871","post","type-post","status-publish","format-standard","has-post-thumbnail","hentry","category-aktualnosci"],"_links":{"self":[{"href":"https:\/\/sp130.edu.pl\/index.php\/wp-json\/wp\/v2\/posts\/871","targetHints":{"allow":["GET"]}}],"collection":[{"href":"https:\/\/sp130.edu.pl\/index.php\/wp-json\/wp\/v2\/posts"}],"about":[{"href":"https:\/\/sp130.edu.pl\/index.php\/wp-json\/wp\/v2\/types\/post"}],"author":[{"embeddable":true,"href":"https:\/\/sp130.edu.pl\/index.php\/wp-json\/wp\/v2\/users\/3"}],"replies":[{"embeddable":true,"href":"https:\/\/sp130.edu.pl\/index.php\/wp-json\/wp\/v2\/comments?post=871"}],"version-history":[{"count":3,"href":"https:\/\/sp130.edu.pl\/index.php\/wp-json\/wp\/v2\/posts\/871\/revisions"}],"predecessor-version":[{"id":877,"href":"https:\/\/sp130.edu.pl\/index.php\/wp-json\/wp\/v2\/posts\/871\/revisions\/877"}],"wp:featuredmedia":[{"embeddable":true,"href":"https:\/\/sp130.edu.pl\/index.php\/wp-json\/wp\/v2\/media\/872"}],"wp:attachment":[{"href":"https:\/\/sp130.edu.pl\/index.php\/wp-json\/wp\/v2\/media?parent=871"}],"wp:term":[{"taxonomy":"category","embeddable":true,"href":"https:\/\/sp130.edu.pl\/index.php\/wp-json\/wp\/v2\/categories?post=871"},{"taxonomy":"post_tag","embeddable":true,"href":"https:\/\/sp130.edu.pl\/index.php\/wp-json\/wp\/v2\/tags?post=871"}],"curies":[{"name":"wp","href":"https:\/\/api.w.org\/{rel}","templated":true}]}}