{"id":586,"date":"2025-06-28T14:28:00","date_gmt":"2025-06-28T12:28:00","guid":{"rendered":"https:\/\/nowastrona.sp130.edu.pl\/?p=586"},"modified":"2025-08-31T14:32:21","modified_gmt":"2025-08-31T12:32:21","slug":"canvastyczny-sukces-naszej-szkoly","status":"publish","type":"post","link":"https:\/\/sp130.edu.pl\/index.php\/2025\/06\/28\/canvastyczny-sukces-naszej-szkoly\/","title":{"rendered":"CANVASTYCZNY sukces naszej szko\u0142y"},"content":{"rendered":"\n<p>W roku szkolnym 2024\/2025 uczniowie klas IV \u2013 VIII\u00a0pod czujnym i fachowym okiem nauczycielek \u2013 Agnieszki Wo\u017aniackiej i Roksany Zdunek \u2013 uczestniczyli w og\u00f3lnopolskim projekcie Canva na ca\u0142y rok szkolny. Przydzielone do kolejnych miesi\u0119cy zadania oparte by\u0142y na dost\u0119pnych w Canvie szablonach, jednak wymaga\u0142y od uczni\u00f3w kreatywno\u015bci i wsp\u00f3\u0142pracy. Nauczyciele za\u015b uczestniczyli w comiesi\u0119cznych spotkaniach warsztatowo \u2013 instrukta\u017cowych, aby jak najlepiej przybli\u017cy\u0107 dzieciom wybrane funkcje Canvy. Oczywi\u015bcie UDA\u0141O SI\u0118 nam zrealizowa\u0107 wszystkie wyzwania i znale\u017a\u0107 na li\u015bcie 27 szk\u00f3\u0142 z certyfikatem w Polsce \u2013 jedyni z \u0141odzi! (Koordynacja dzia\u0142a\u0144 projektowych \u2013 Katarzyna Kasprzyk).<\/p>\n\n\n\n<figure class=\"wp-block-image size-full\"><img loading=\"lazy\" decoding=\"async\" width=\"1024\" height=\"778\" src=\"https:\/\/nowastrona.sp130.edu.pl\/wp-content\/uploads\/2025\/08\/3SKtv8id.jpeg\" alt=\"\" class=\"wp-image-587\" srcset=\"https:\/\/sp130.edu.pl\/wp-content\/uploads\/2025\/08\/3SKtv8id.jpeg 1024w, https:\/\/sp130.edu.pl\/wp-content\/uploads\/2025\/08\/3SKtv8id-300x228.jpeg 300w, https:\/\/sp130.edu.pl\/wp-content\/uploads\/2025\/08\/3SKtv8id-768x584.jpeg 768w\" sizes=\"auto, (max-width: 1024px) 100vw, 1024px\" \/><\/figure>\n","protected":false},"excerpt":{"rendered":"<p>W roku szkolnym 2024\/2025 uczniowie klas IV \u2013 VIII\u00a0pod czujnym i fachowym okiem nauczycielek \u2013 Agnieszki Wo\u017aniackiej i Roksany Zdunek \u2013 uczestniczyli w og\u00f3lnopolskim projekcie Canva na ca\u0142y rok szkolny. Przydzielone do kolejnych miesi\u0119cy zadania oparte by\u0142y na dost\u0119pnych w Canvie szablonach, jednak wymaga\u0142y od uczni\u00f3w kreatywno\u015bci i wsp\u00f3\u0142pracy. Nauczyciele za\u015b uczestniczyli w comiesi\u0119cznych spotkaniach [&hellip;]<\/p>\n","protected":false},"author":1,"featured_media":588,"comment_status":"closed","ping_status":"","sticky":false,"template":"","format":"standard","meta":{"footnotes":""},"categories":[9],"tags":[],"class_list":["post-586","post","type-post","status-publish","format-standard","has-post-thumbnail","hentry","category-aktualnosci"],"_links":{"self":[{"href":"https:\/\/sp130.edu.pl\/index.php\/wp-json\/wp\/v2\/posts\/586","targetHints":{"allow":["GET"]}}],"collection":[{"href":"https:\/\/sp130.edu.pl\/index.php\/wp-json\/wp\/v2\/posts"}],"about":[{"href":"https:\/\/sp130.edu.pl\/index.php\/wp-json\/wp\/v2\/types\/post"}],"author":[{"embeddable":true,"href":"https:\/\/sp130.edu.pl\/index.php\/wp-json\/wp\/v2\/users\/1"}],"replies":[{"embeddable":true,"href":"https:\/\/sp130.edu.pl\/index.php\/wp-json\/wp\/v2\/comments?post=586"}],"version-history":[{"count":1,"href":"https:\/\/sp130.edu.pl\/index.php\/wp-json\/wp\/v2\/posts\/586\/revisions"}],"predecessor-version":[{"id":589,"href":"https:\/\/sp130.edu.pl\/index.php\/wp-json\/wp\/v2\/posts\/586\/revisions\/589"}],"wp:featuredmedia":[{"embeddable":true,"href":"https:\/\/sp130.edu.pl\/index.php\/wp-json\/wp\/v2\/media\/588"}],"wp:attachment":[{"href":"https:\/\/sp130.edu.pl\/index.php\/wp-json\/wp\/v2\/media?parent=586"}],"wp:term":[{"taxonomy":"category","embeddable":true,"href":"https:\/\/sp130.edu.pl\/index.php\/wp-json\/wp\/v2\/categories?post=586"},{"taxonomy":"post_tag","embeddable":true,"href":"https:\/\/sp130.edu.pl\/index.php\/wp-json\/wp\/v2\/tags?post=586"}],"curies":[{"name":"wp","href":"https:\/\/api.w.org\/{rel}","templated":true}]}}