{"id":1122,"date":"2026-04-29T10:47:57","date_gmt":"2026-04-29T08:47:57","guid":{"rendered":"https:\/\/sp130.edu.pl\/?p=1122"},"modified":"2026-04-29T10:47:57","modified_gmt":"2026-04-29T08:47:57","slug":"akcja-zonkile-w-naszej-szkole","status":"publish","type":"post","link":"https:\/\/sp130.edu.pl\/index.php\/2026\/04\/29\/akcja-zonkile-w-naszej-szkole\/","title":{"rendered":"Akcja \u201e\u017bonkile\u201d w naszej szkole"},"content":{"rendered":"\n<p><\/p>\n\n\n\n<p>W tym roku po raz kolejny przyst\u0105pili\u015bmy do og\u00f3lnopolskiej akcji \u201e\u017bonkile\u201d, upami\u0119tniaj\u0105cej rocznic\u0119 wybuchu Powstanie w getcie warszawskim, kt\u00f3ry mia\u0142 miejsce 19 kwietnia 1943 roku.<\/p>\n\n\n\n<p>Nasze dzia\u0142ania trwa\u0142y kilka dni i mia\u0142y charakter edukacyjno-refleksyjny. Rozpocz\u0119li\u015bmy od przypomnienia symboliki \u017conkili oraz ich znaczenia w kontek\u015bcie pami\u0119ci historycznej. Nast\u0119pnie uczniowie ogl\u0105dali wyst\u0105pienia ambasador\u00f3w akcji oraz filmy edukacyjne, m.in. \u201eZd\u0105\u017cy\u0107 przed Panem Bogiem\u201d i \u201eNie by\u0142o \u017cadnej nadziei\u201d.<\/p>\n\n\n\n<p>Wzi\u0119li\u015bmy r\u00f3wnie\u017c udzia\u0142 w zaj\u0119ciach opartych na materia\u0142ach przygotowanych przez Muzeum Historii \u017byd\u00f3w Polskich POLIN, podczas kt\u00f3rych omawiali\u015bmy opowiadania, takie jak \u201ePrezent\u201d. Istotnym elementem by\u0142y tak\u017ce wys\u0142uchane relacje Ocala\u0142ych, kt\u00f3re pozwoli\u0142y uczniom lepiej zrozumie\u0107 do\u015bwiadczenia tamtych wydarze\u0144.<\/p>\n\n\n\n<p>Podczas wszystkich aktywno\u015bci wsp\u00f3lnie zastanawiali\u015bmy si\u0119 nad tym, co \u2013 opr\u00f3cz odwagi \u2013 pozwala cz\u0142owiekowi przeciwstawi\u0107 si\u0119 z\u0142u. Doszli\u015bmy do wniosku, \u017ce cho\u0107 nie jest to \u0142atwe, r\u00f3wnie\u017c we wsp\u00f3\u0142czesnym \u015bwiecie, to jednak zawsze warto podejmowa\u0107 taki wysi\u0142ek.<\/p>\n\n\n<div class=\"wp-block-image\">\n<figure class=\"aligncenter size-full is-resized\"><img loading=\"lazy\" decoding=\"async\" width=\"2000\" height=\"1600\" src=\"https:\/\/sp130.edu.pl\/wp-content\/uploads\/2026\/04\/zonkil.png\" alt=\"\" class=\"wp-image-1123\" style=\"aspect-ratio:1.2500361254274843;width:653px;height:auto\" srcset=\"https:\/\/sp130.edu.pl\/wp-content\/uploads\/2026\/04\/zonkil.png 2000w, https:\/\/sp130.edu.pl\/wp-content\/uploads\/2026\/04\/zonkil-300x240.png 300w, https:\/\/sp130.edu.pl\/wp-content\/uploads\/2026\/04\/zonkil-1024x819.png 1024w, https:\/\/sp130.edu.pl\/wp-content\/uploads\/2026\/04\/zonkil-768x614.png 768w, https:\/\/sp130.edu.pl\/wp-content\/uploads\/2026\/04\/zonkil-1536x1229.png 1536w\" sizes=\"auto, (max-width: 2000px) 100vw, 2000px\" \/><\/figure>\n<\/div>\n\n<div class=\"wp-block-image\">\n<figure class=\"aligncenter size-large is-resized\"><img loading=\"lazy\" decoding=\"async\" width=\"724\" height=\"1024\" src=\"https:\/\/sp130.edu.pl\/wp-content\/uploads\/2026\/04\/ZONKILE_2025_plakat-2_A3-PL-724x1024.jpg\" alt=\"\" class=\"wp-image-1125\" style=\"width:544px;height:auto\" srcset=\"https:\/\/sp130.edu.pl\/wp-content\/uploads\/2026\/04\/ZONKILE_2025_plakat-2_A3-PL-724x1024.jpg 724w, https:\/\/sp130.edu.pl\/wp-content\/uploads\/2026\/04\/ZONKILE_2025_plakat-2_A3-PL-212x300.jpg 212w, https:\/\/sp130.edu.pl\/wp-content\/uploads\/2026\/04\/ZONKILE_2025_plakat-2_A3-PL-768x1086.jpg 768w, https:\/\/sp130.edu.pl\/wp-content\/uploads\/2026\/04\/ZONKILE_2025_plakat-2_A3-PL-1086x1536.jpg 1086w, https:\/\/sp130.edu.pl\/wp-content\/uploads\/2026\/04\/ZONKILE_2025_plakat-2_A3-PL-1448x2048.jpg 1448w, https:\/\/sp130.edu.pl\/wp-content\/uploads\/2026\/04\/ZONKILE_2025_plakat-2_A3-PL-scaled.jpg 1810w\" sizes=\"auto, (max-width: 724px) 100vw, 724px\" \/><\/figure>\n<\/div>","protected":false},"excerpt":{"rendered":"<p>W tym roku po raz kolejny przyst\u0105pili\u015bmy do og\u00f3lnopolskiej akcji \u201e\u017bonkile\u201d, upami\u0119tniaj\u0105cej rocznic\u0119 wybuchu Powstanie w getcie warszawskim, kt\u00f3ry mia\u0142 miejsce 19 kwietnia 1943 roku. Nasze dzia\u0142ania trwa\u0142y kilka dni i mia\u0142y charakter edukacyjno-refleksyjny. Rozpocz\u0119li\u015bmy od przypomnienia symboliki \u017conkili oraz ich znaczenia w kontek\u015bcie pami\u0119ci historycznej. Nast\u0119pnie uczniowie ogl\u0105dali wyst\u0105pienia ambasador\u00f3w akcji oraz filmy edukacyjne, [&hellip;]<\/p>\n","protected":false},"author":3,"featured_media":1124,"comment_status":"closed","ping_status":"","sticky":false,"template":"","format":"standard","meta":{"footnotes":""},"categories":[9],"tags":[],"class_list":["post-1122","post","type-post","status-publish","format-standard","has-post-thumbnail","hentry","category-aktualnosci"],"_links":{"self":[{"href":"https:\/\/sp130.edu.pl\/index.php\/wp-json\/wp\/v2\/posts\/1122","targetHints":{"allow":["GET"]}}],"collection":[{"href":"https:\/\/sp130.edu.pl\/index.php\/wp-json\/wp\/v2\/posts"}],"about":[{"href":"https:\/\/sp130.edu.pl\/index.php\/wp-json\/wp\/v2\/types\/post"}],"author":[{"embeddable":true,"href":"https:\/\/sp130.edu.pl\/index.php\/wp-json\/wp\/v2\/users\/3"}],"replies":[{"embeddable":true,"href":"https:\/\/sp130.edu.pl\/index.php\/wp-json\/wp\/v2\/comments?post=1122"}],"version-history":[{"count":1,"href":"https:\/\/sp130.edu.pl\/index.php\/wp-json\/wp\/v2\/posts\/1122\/revisions"}],"predecessor-version":[{"id":1126,"href":"https:\/\/sp130.edu.pl\/index.php\/wp-json\/wp\/v2\/posts\/1122\/revisions\/1126"}],"wp:featuredmedia":[{"embeddable":true,"href":"https:\/\/sp130.edu.pl\/index.php\/wp-json\/wp\/v2\/media\/1124"}],"wp:attachment":[{"href":"https:\/\/sp130.edu.pl\/index.php\/wp-json\/wp\/v2\/media?parent=1122"}],"wp:term":[{"taxonomy":"category","embeddable":true,"href":"https:\/\/sp130.edu.pl\/index.php\/wp-json\/wp\/v2\/categories?post=1122"},{"taxonomy":"post_tag","embeddable":true,"href":"https:\/\/sp130.edu.pl\/index.php\/wp-json\/wp\/v2\/tags?post=1122"}],"curies":[{"name":"wp","href":"https:\/\/api.w.org\/{rel}","templated":true}]}}